{"id":36085,"date":"2002-03-01T19:12:40","date_gmt":"2002-03-01T22:12:40","guid":{"rendered":"http:\/\/www.marciaweinzettl.com.br\/?p=36085"},"modified":"2016-06-08T20:13:09","modified_gmt":"2016-06-08T23:13:09","slug":"reproducao-de-arara-azul-anodorhynchus-hyacinthinus-psittacidae-psittaciformes-no-criatorio-cientifico-rodeo-drive","status":"publish","type":"post","link":"https:\/\/www.marciaweinzettl.com.br\/de\/reproducao-de-arara-azul-anodorhynchus-hyacinthinus-psittacidae-psittaciformes-no-criatorio-cientifico-rodeo-drive\/","title":{"rendered":"Reprodu\u00e7\u00e3o de Arara Azul (Anodorhynchus hyacinthinus &#8211; Psittacidae, Psittaciformes) no Criat\u00f3rio Cient\u00edfico Rodeo Drive"},"content":{"rendered":"<p>[vc_row][vc_column][vc_column_text]<\/p>\n<h2><b>Reprodu\u00e7\u00e3o de Arara Azul (Anodorhynchus hyacinthinus &#8211; Psittacidae, Psittaciformes) no Criat\u00f3rio Cient\u00edfico Rodeo Drive &#8211; Guaratiba, RJ.<\/b><\/h2>\n<p><b>Thema:<\/b> Anodorynchus hyacinthinus &#8211; Zucht<br \/>\n<b>Lokal der Publikation:<\/b> Zeitschrift Atualidades Ornitol\u00f3gicas 106 &#8211; Brasilien<br \/>\n<b>Spache:<\/b> Portugiesisch<br \/>\n<b>Datum:<\/b> 01\/03\/2002[\/vc_column_text]<div class=\"text-centered\"><a href=\"http:\/\/www.marciaweinzettl.com.br\/wp-content\/uploads\/2016\/06\/Reproducao-de-Arara-Azul-no-Criatorio-Cientifico-Rodeo-Drive.pdf\" class=\"btn-shortcode dt-btn-l dt-btn default-btn-color default-btn-hover-color default-btn-bg-color default-btn-bg-hover-color\" target=\"_blank\" id=\"dt-btn-3\" rel=\"noopener\"><i class=\"fa icon-download\"><\/i><span>Publikatiion Anschauern PDF<\/span><\/a><\/div>[vc_single_image image=&#8220;35929&#8243; img_size=&#8220;full&#8220; alignment=&#8220;center&#8220;][\/vc_column][\/vc_row]<\/p>","protected":false},"excerpt":{"rendered":"<p>[vc_row][vc_column][vc_column_text] Reprodu\u00e7\u00e3o de Arara Azul (Anodorhynchus hyacinthinus &#8211; Psittacidae, Psittaciformes) no Criat\u00f3rio Cient\u00edfico Rodeo Drive &#8211; Guaratiba, RJ. Thema: Anodorynchus hyacinthinus &#8211; Zucht Lokal der Publikation: Zeitschrift Atualidades Ornitol\u00f3gicas 106 &#8211; Brasilien Spache: Portugiesisch Datum: 01\/03\/2002[\/vc_column_text][vc_single_image image=&#8220;35929&#8243; img_size=&#8220;full&#8220; alignment=&#8220;center&#8220;][\/vc_column][\/vc_row]<\/p>\n","protected":false},"author":1,"featured_media":35929,"comment_status":"closed","ping_status":"open","sticky":false,"template":"","format":"standard","meta":{"footnotes":""},"categories":[1],"tags":[],"class_list":["post-36085","post","type-post","status-publish","format-standard","has-post-thumbnail","hentry","category-publikationen","category-1","description-off"],"_links":{"self":[{"href":"https:\/\/www.marciaweinzettl.com.br\/de\/wp-json\/wp\/v2\/posts\/36085","targetHints":{"allow":["GET"]}}],"collection":[{"href":"https:\/\/www.marciaweinzettl.com.br\/de\/wp-json\/wp\/v2\/posts"}],"about":[{"href":"https:\/\/www.marciaweinzettl.com.br\/de\/wp-json\/wp\/v2\/types\/post"}],"author":[{"embeddable":true,"href":"https:\/\/www.marciaweinzettl.com.br\/de\/wp-json\/wp\/v2\/users\/1"}],"replies":[{"embeddable":true,"href":"https:\/\/www.marciaweinzettl.com.br\/de\/wp-json\/wp\/v2\/comments?post=36085"}],"version-history":[{"count":0,"href":"https:\/\/www.marciaweinzettl.com.br\/de\/wp-json\/wp\/v2\/posts\/36085\/revisions"}],"wp:featuredmedia":[{"embeddable":true,"href":"https:\/\/www.marciaweinzettl.com.br\/de\/wp-json\/wp\/v2\/media\/35929"}],"wp:attachment":[{"href":"https:\/\/www.marciaweinzettl.com.br\/de\/wp-json\/wp\/v2\/media?parent=36085"}],"wp:term":[{"taxonomy":"category","embeddable":true,"href":"https:\/\/www.marciaweinzettl.com.br\/de\/wp-json\/wp\/v2\/categories?post=36085"},{"taxonomy":"post_tag","embeddable":true,"href":"https:\/\/www.marciaweinzettl.com.br\/de\/wp-json\/wp\/v2\/tags?post=36085"}],"curies":[{"name":"wp","href":"https:\/\/api.w.org\/{rel}","templated":true}]}}